{"id":4086,"date":"2022-11-15T09:27:40","date_gmt":"2022-11-15T07:27:40","guid":{"rendered":"https:\/\/scrapad.com\/fr\/blog\/"},"modified":"2024-05-08T06:56:30","modified_gmt":"2024-05-08T04:56:30","slug":"entretien-avec-carlos-zubialde-transport-logistique","status":"publish","type":"post","link":"https:\/\/scrapad.com\/fr\/blog\/entretien-avec-carlos-zubialde-transport-logistique","title":{"rendered":"Interview de Carlos Zubialde : \u00ab\u00a0Il n&rsquo;y a pas beaucoup de camions pour toutes les charges, donc l&rsquo;augmentation des prix du transport sera une r\u00e9alit\u00e9\u00a0\u00bb"},"content":{"rendered":" \n    <div class=\"c-post--header\" style=\"background-image: url(https:\/\/scrapad.com\/wp-content\/uploads\/2023\/09\/carlos_zubialde_logistica_transporte_scrapad.jpeg);\">\n        <a href=\"\" class=\"c-back-action\">\n            Revenir en arri\u00e8re        <\/a>\n        <h1>Interview de Carlos Zubialde : u0022Il n&rsquo;y a pas beaucoup de camions pour toutes les charges, donc l&rsquo;augmentation des prix du transport sera une r\u00e9alit\u00e9u0022<\/h1>\n\t\t<p class=\"c-post--author\">\n\t\t\tAuteur:\t\t\t<a href=\"https:\/\/scrapad.com\/fr\/author\/scrapad-admin\/\">ScrapAd<\/a>\n\t\t<\/p>\n        <div class=\"c-post--meta\">\n            <p>15\/11\/2022<\/p>\n            <div class=\"c-post--actions\">\n                <a onclick=\"window.print()\" class=\"c-article__action\">\n                    <i class=\"large material-icons icon\">print<\/i>\n                <\/a>\n                <a data-clipboard-text=\"\" class=\"c-article__action\">\n                    <i class=\"large material-icons icon\">content_copy<\/i>\n                <\/a>\n                <span class=\"c-article__action share__trigger\">\n\t\t\t\t\t<i class=\"large material-icons icon\">share<\/i>\n\t\t\t\t\t<ul class=\"share__displays\">\n\t\t\t\t\t\t<li>\n\t\t\t\t\t\t\t<a href=\"https:\/\/www.facebook.com\/sharer\/sharer.php?u=\" target=\"_blank\" rel=\"noopener\">\n\t\t\t\t\t\t\t\t<img decoding=\"async\" src=\"https:\/\/scrapad.com\/wp-content\/plugins\/scrapad-blocks\/assets\/icons\/share\/facebook.svg\" alt=\"\">\n\t\t\t\t\t\t\t<\/a>\n\t\t\t\t\t\t<\/li>\n\t\t\t\t\t\t<li>\n\t\t\t\t\t\t\t<a href=\"https:\/\/twitter.com\/share?text=&amp;url=\" target=\"_blank\" rel=\"noopener\">\n                                <img decoding=\"async\" src=\"https:\/\/scrapad.com\/wp-content\/plugins\/scrapad-blocks\/assets\/icons\/share\/twitter.svg\" alt=\"\">\n\t\t\t\t\t\t\t<\/a>\n\t\t\t\t\t\t<\/li>\n\t\t\t\t\t\t<li>\n\t\t\t\t\t\t\t<a href=\"https:\/\/www.linkedin.com\/shareArticle?mini=true&amp;url=&amp;title=&amp;summary=&amp;source=\" target=\"_blank\" rel=\"noopener\">\n                                <img decoding=\"async\" src=\"https:\/\/scrapad.com\/wp-content\/plugins\/scrapad-blocks\/assets\/icons\/share\/linkedin.svg\" alt=\"\">\n\t\t\t\t\t\t\t<\/a>\n\t\t\t\t\t\t<\/li>\n\t\t\t\t\t\t<li>\n\t\t\t\t\t\t\t<a\n\t\t\t\t\t\t\t\thref=\"mailto:info@scrapad.com?&amp;cc=&amp;bcc=&amp;subject=&amp;body=\"\n\t\t\t\t\t\t\t\ttarget=\"_blank\"\n\t\t\t\t\t\t\t>\n                                <img decoding=\"async\" src=\"https:\/\/scrapad.com\/wp-content\/plugins\/scrapad-blocks\/assets\/icons\/share\/email.svg\" alt=\"\">\n\t\t\t\t\t\t\t<\/a>\n\t\t\t\t\t\t<\/li>\n\t\t\t\t\t<\/ul>\n\t\t\t    <\/span>\n            <\/div>\n        <\/div>\n    <\/div>\n     \n    <section class=\"c-container \" style=\" background-color: #FBFBFB; background-size: cover; --xsPadding: 40px 25px 40px 25px; --smPadding: 40px 25px 40px 25px; --mdPadding: 80px 100px 80px 100px; --lgPadding: 80px 100px 80px 100px; --xlPadding: 80px 100px 80px 100px; --xxlPadding: 80px 200px 80px 200px;  \">\n        <div class=\"wp-block-scrapad-blocks-container c-post\">\n<div class=\"c-article__desc wp-block-scrapad-blocks-article-desc\">\n<p>Carlos Zubialde a une longue exp\u00e9rience professionnelle li\u00e9e au transport, qu&rsquo;il transmet \u00e0 travers son site web&nbsp;<a href=\"https:\/\/informacionlogistica.com\/\" target=\"_blank\" rel=\"noopener\">Informaci\u00f3n Log\u00edstica<\/a>, o\u00f9 il nous offre son point de vue sur le transport, la logistique et le commerce \u00e9lectronique.&nbsp;<\/p>\n\n\n\n<p>Aujourd&rsquo;hui, nous avons eu l&rsquo;occasion de l&rsquo;interviewer depuis ScrapAd, o\u00f9 Luc\u00eda Pel\u00e1ez, directrice de la logistique, a pr\u00e9par\u00e9 une batterie de questions sur la situation actuelle et les pr\u00e9visions futures du secteur. Voici un r\u00e9sum\u00e9 de l&rsquo;interview. Si vous voulez le voir dans son int\u00e9gralit\u00e9, vous pouvez le faire en cliquant sur le lien suivant :&nbsp;<\/p>\n\n\n\n<figure class=\"wp-block-embed is-type-video is-provider-youtube wp-block-embed-youtube wp-embed-aspect-16-9 wp-has-aspect-ratio\"><div class=\"wp-block-embed__wrapper\">\n<iframe loading=\"lazy\" title=\"Entrevista Carlos Zubialde - ScrapAd  Log\u00edstica\" width=\"500\" height=\"281\" src=\"https:\/\/www.youtube.com\/embed\/KuJMbP2t1Cg?feature=oembed\" frameborder=\"0\" allow=\"accelerometer; autoplay; clipboard-write; encrypted-media; gyroscope; picture-in-picture; web-share\" referrerpolicy=\"strict-origin-when-cross-origin\" allowfullscreen><\/iframe>\n<\/div><\/figure>\n\n\n\n<h4 class=\"wp-block-heading\">Quelle est la situation actuelle des transports terrestres ?<\/h4>\n\n\n\n<p>Le transport terrestre se trouve dans un moment \u00ab\u00a0d\u00e9licat\u00a0\u00bb pour plusieurs raisons diff\u00e9rentes. Les co\u00fbts d&rsquo;exploitation sont de plus en plus \u00e9lev\u00e9s, de sorte que l&rsquo;abandon de l&rsquo;activit\u00e9 par les transporteurs ind\u00e9pendants et les petites entreprises augmente, laissant le march\u00e9 de plus en plus concentr\u00e9. Un deuxi\u00e8me point est l&rsquo;absence de remplacement des g\u00e9n\u00e9rations \u00e0 des postes tels que les conducteurs, ce qui rend l&rsquo;\u00e9quilibre entre l&rsquo;offre et la demande de plus en plus grand (il n&rsquo;y a pas assez de camions pour tous les chargements). Enfin, l&rsquo;activit\u00e9 elle-m\u00eame fait de la r\u00e9tention des talents un probl\u00e8me majeur pour l&rsquo;avenir.<\/p>\n\n\n\n<h4 class=\"wp-block-heading\">Quelle est la tendance des prix du transport ?<\/h4>\n\n\n\n<p>Comme je l&rsquo;ai dit, il n&rsquo;y a pas assez de camions pour tous les chargements, ce qui signifie que les prix du transport vont augmenter. Il faut \u00e9galement surveiller les co\u00fbts des mati\u00e8res premi\u00e8res comme le p\u00e9trole, car le carburant repr\u00e9sente actuellement pr\u00e8s de 50 % du co\u00fbt total d&rsquo;exploitation d&rsquo;un camion.<\/p>\n\n\n\n<h4 class=\"wp-block-heading\">De quoi d\u00e9pendra l&rsquo;avenir des transports, du prix ou de la disponibilit\u00e9 ?<\/h4>\n\n\n\n<p>Disponibilit\u00e9, sans doute, d&rsquo;ailleurs. Pour que nous puissions voir la dimension r\u00e9elle, en 2022, 5 entreprises poss\u00e9dant leur propre flotte et un nombre important de leurs propres camions ont \u00e9t\u00e9 enti\u00e8rement ou partiellement rachet\u00e9es par des fonds d&rsquo;investissement.&nbsp;<\/p>\n\n\n\n<h4 class=\"wp-block-heading\">Quand l&rsquo;externalisation est-elle efficace ?<\/h4>\n\n\n\n<p>Lorsque cela est fait dans un cadre l\u00e9gal et avec l&rsquo;objectif de fournir le bon service. Si la sous-traitance n&rsquo;est que la superposition d&rsquo;entreprises qui veulent obtenir \u00ab\u00a0leur part du g\u00e2teau\u00a0\u00bb, le transporteur effectif aura un revenu minimum, et la qualit\u00e9 du service ne sera peut-\u00eatre pas celle souhait\u00e9e.&nbsp;<\/p>\n\n\n\n<h4 class=\"wp-block-heading\">Quelles sont les contraintes du transport routier en raison de la valeur \u00e9lev\u00e9e des marchandises ?<\/h4>\n\n\n\n<p>Principalement la disponibilit\u00e9, et dans ce cas, des v\u00e9hicules et des moyens appropri\u00e9s pour g\u00e9rer, contr\u00f4ler et surveiller le service. Et le manque de disponibilit\u00e9 se traduit par un prix clairement \u00e9lev\u00e9.<\/p>\n\n\n\n<h4 class=\"wp-block-heading\">La tendance actuelle est de promouvoir la r\u00e9duction des \u00e9missions. Le transport ferroviaire peut-il \u00eatre consid\u00e9r\u00e9 comme une alternative \u00e9cologique ? Pensez-vous que ce type de transport sera promu dans un avenir proche ?<\/h4>\n\n\n\n<p>Le transport ferroviaire est une alternative si nous parlons de durabilit\u00e9, mais pas si nous parlons d&rsquo;une alternative op\u00e9rationnelle, du moins pour le moment. La situation du transport ferroviaire en Espagne est si pr\u00e9caire que&nbsp;<a href=\"https:\/\/www.renfe.com\/es\/fr\/groupe-renfe\/societes\/renfe-mercancias\/mercancias-qui-sommes-nous\" target=\"_blank\" rel=\"noreferrer noopener\">Renfe Mercanc\u00edas<\/a>, par exemple, n\u00e9gocie l&rsquo;entr\u00e9e d&rsquo;un partenaire logistique dans l&rsquo;entreprise, un partenaire qui finira s\u00fbrement par acqu\u00e9rir l&rsquo;ensemble de l&rsquo;entreprise, comme cela s&rsquo;est produit dans des cas pr\u00e9c\u00e9dents.&nbsp;<\/p>\n\n\n\n<h4 class=\"wp-block-heading\">Actuellement, quelle est la rentabilit\u00e9 de la sortie des marchandises du territoire national ?<\/h4>\n\n\n\n<p>La rentabilit\u00e9 du transport est tr\u00e8s faible, nous pouvons trouver des entreprises qui travaillent pour atteindre le \u00ab\u00a0seuil de rentabilit\u00e9\u00a0\u00bb, ou celles qui travaillent avec des marges entre 1% et 5%.&nbsp;<\/p>\n\n\n\n<h4 class=\"wp-block-heading\">Si l&rsquo;on se concentre sur l&rsquo;Espagne et avec l&rsquo;entr\u00e9e en vigueur de la nouvelle LOTT, quels sont les effets clairs de cette nouvelle loi ?<\/h4>\n\n\n\n<p>Surtout, les changements r\u00e9glementaires produits dans le&nbsp;<a href=\"https:\/\/www.boe.es\/buscar\/act.php?id=BOE-A-2022-12925\" target=\"_blank\" rel=\"noreferrer noopener\">D\u00e9cret-loi 14\/2022<\/a>, cons\u00e9quence des mobilisations de mars 2022, comme la limitation de la cha\u00eene de sous-traitance, la nouvelle loi interdisant le chargement et le d\u00e9chargement ou la loi sur le transport, qui vise \u00e0 promouvoir le contr\u00f4le des prix, avec l&rsquo;objectif que le transporteur dispose des revenus n\u00e9cessaires pour couvrir les co\u00fbts de l&rsquo;activit\u00e9.<\/p>\n\n\n\n<h4 class=\"wp-block-heading\">Si l&rsquo;on se concentre sur le secteur des d\u00e9chets, quels sont les probl\u00e8mes li\u00e9s aux mouvements transfrontaliers des d\u00e9chets ?<\/h4>\n\n\n\n<p>Les principaux probl\u00e8mes sont li\u00e9s aux diff\u00e9rentes applications r\u00e9glementaires des diff\u00e9rents pays, en particulier les types de d\u00e9chets qui peuvent ou non \u00eatre transport\u00e9s dans un pays et qui n\u00e9cessitent une gestion diff\u00e9rente dans un autre, ainsi que les niveaux de s\u00e9curit\u00e9, de contr\u00f4le et de suivi du transport lui-m\u00eame.<\/p>\n<\/div>\n<\/div>\t<\/section>\n        <div class=\"c-container c-post--related\" style=\"background-color: #F7F5F2; --xsPadding: 40px 25px 40px 25px; --smPadding: 40px 25px 40px 25px; --mdPadding: 40px 25px 40px 25px; --lgPadding: 72px 100px 72px 100px; --xlPadding: 72px 100px 72px 100px; --xxlPadding: 72px 100px 72px 100px;\">\n        <div class=\"container\">\n            <h3 class=\"c-article__side__heading\">Autres postes qui pourraient vous int\u00e9resser\u2026<\/h3>\n        <\/div>\n        <div class=\"scrapad-blocks-related glide\" data-autoplay=\"4000\" data-views-desktop=\"3\" data-views-tablet=\"2\" data-views-mobile=\"1\" data-mode=\"slider\">  \n            <div class=\"container glide__track\" data-glide-el=\"track\">\n                <div class=\"row slider-mobile glide__slides\">\n                                                                         \n                            <div class=\"col-12 col-lg-6 glide__slide\">\n                                    <div class=\"c-blog__item\">\n        <a href=\"https:\/\/scrapad.com\/fr\/blog\/scrapad-recoit-le-soutien-du-programme-hazitek-2025-pour-le-projet-scagents\/\" class=\"c-blog__item--inner\">\n            <div class=\"c-blog__item__header\">\n                <div\n                    class=\"c-blog__item__image\"\n                    style=\"background-image: url(https:\/\/scrapad.com\/wp-content\/uploads\/2024\/11\/request_pages-to-jpg-0001.jpg;\"\n                ><\/div>\n                <\/div>\n                <div class=\"c-blog__item_body\">\n                    <h4 class=\"c-blog__item__title\">ScrapAd re\u00e7oit le soutien du programme HAZITEK 2025 pour le projet SCAGENTS<\/h4>\n                    <div class=\"c-blog__item__meta\">\n                        <span class=\"c-blog__item__date\">16\/11\/2024<\/span>\n                    <\/div>\n                <div class=\"c-blog__item__desc\">\n                    <p>ScrapAd a b\u00e9n\u00e9fici\u00e9 d&rsquo;une subvention dans le cadre du programme HAZITEK 2025 pour l&rsquo;ex\u00e9cution du projet SCAGENTS (ScrapAd Agent). Cette concession, octroy\u00e9e par le D\u00e9partement de l&rsquo;Industrie, de la Transition \u00c9nerg\u00e9tique et de la Durabilit\u00e9 du Gouvernement Basque, constitue un soutien fondamental \u00e0 notre strat\u00e9gie d&rsquo;innovation dans le secteur du recyclage industriel<\/p>\n                <\/div>\n                <div class=\"c-blog__item__footer\">\n                    <span class=\"c-blog__item__link\">Voir d\u00e9tails<\/span>\n                <\/div>\n            <\/div>\n        <\/a>\n    <\/div>\n                                <\/div>\n                                                     \n                            <div class=\"col-12 col-lg-6 glide__slide\">\n                                    <div class=\"c-blog__item\">\n        <a href=\"https:\/\/scrapad.com\/fr\/blog\/voici-les-dernieres-nouvelles-de-la-plateforme-scrapad\/\" class=\"c-blog__item--inner\">\n            <div class=\"c-blog__item__header\">\n                <div\n                    class=\"c-blog__item__image\"\n                    style=\"background-image: url(https:\/\/scrapad.com\/wp-content\/uploads\/2024\/02\/Post-FR-Novedades-12022024.png;\"\n                ><\/div>\n                <\/div>\n                <div class=\"c-blog__item_body\">\n                    <h4 class=\"c-blog__item__title\">Voici les derni\u00e8res nouvelles de la plateforme ScrapAd<\/h4>\n                    <div class=\"c-blog__item__meta\">\n                        <span class=\"c-blog__item__date\">19\/02\/2024<\/span>\n                    <\/div>\n                <div class=\"c-blog__item__desc\">\n                    <p>Chez ScrapAd, nous continuons \u00e0 nous am\u00e9liorer afin que vous puissiez tirer le meilleur parti de notre plateforme.<\/p>\n                <\/div>\n                <div class=\"c-blog__item__footer\">\n                    <span class=\"c-blog__item__link\">Voir d\u00e9tails<\/span>\n                <\/div>\n            <\/div>\n        <\/a>\n    <\/div>\n                                <\/div>\n                                                     \n                            <div class=\"col-12 col-lg-6 glide__slide\">\n                                    <div class=\"c-blog__item\">\n        <a href=\"https:\/\/scrapad.com\/fr\/blog\/lannee-2023-de-scrapad\/\" class=\"c-blog__item--inner\">\n            <div class=\"c-blog__item__header\">\n                <div\n                    class=\"c-blog__item__image\"\n                    style=\"background-image: url(https:\/\/scrapad.com\/wp-content\/uploads\/2024\/01\/2023-FR.png;\"\n                ><\/div>\n                <\/div>\n                <div class=\"c-blog__item_body\">\n                    <h4 class=\"c-blog__item__title\">L&rsquo;ann\u00e9e 2023 de ScrapAd<\/h4>\n                    <div class=\"c-blog__item__meta\">\n                        <span class=\"c-blog__item__date\">08\/01\/2024<\/span>\n                    <\/div>\n                <div class=\"c-blog__item__desc\">\n                    <p>2023 a \u00e9t\u00e9 une ann\u00e9e exceptionnelle pour ScrapAd. Nous avons r\u00e9alis\u00e9 beaucoup de choses en 12 mois. Ce fut une ann\u00e9e d&rsquo;apprentissage, de mise en route et de d\u00e9collage pour atteindre notre objectif principal.<\/p>\n                <\/div>\n                <div class=\"c-blog__item__footer\">\n                    <span class=\"c-blog__item__link\">Voir d\u00e9tails<\/span>\n                <\/div>\n            <\/div>\n        <\/a>\n    <\/div>\n                                <\/div>\n                                                     \n                            <div class=\"col-12 col-lg-6 glide__slide\">\n                                    <div class=\"c-blog__item\">\n        <a href=\"https:\/\/scrapad.com\/fr\/blog\/scrapad-conclut-levee-de-fonds-de-5-millions\/\" class=\"c-blog__item--inner\">\n            <div class=\"c-blog__item__header\">\n                <div\n                    class=\"c-blog__item__image\"\n                    style=\"background-image: url(https:\/\/scrapad.com\/wp-content\/uploads\/2023\/11\/img-ronda-fin-5-m-scrapad.jpg;\"\n                ><\/div>\n                <\/div>\n                <div class=\"c-blog__item_body\">\n                    <h4 class=\"c-blog__item__title\">ScrapAd conclut une nouvelle lev\u00e9e de fonds de 5 millions d&rsquo;euros pour renforcer son activit\u00e9<\/h4>\n                    <div class=\"c-blog__item__meta\">\n                        <span class=\"c-blog__item__date\">13\/11\/2023<\/span>\n                    <\/div>\n                <div class=\"c-blog__item__desc\">\n                    <p>ScrapAd a\u00a0boucl\u00e9 un nouveau tour de table de 5 millions d&rsquo;euros\u00a0qui lui permettra de poursuivre son ambitieux plan de croissance.<\/p>\n                <\/div>\n                <div class=\"c-blog__item__footer\">\n                    <span class=\"c-blog__item__link\">Voir d\u00e9tails<\/span>\n                <\/div>\n            <\/div>\n        <\/a>\n    <\/div>\n                                <\/div>\n                                                            <\/div>\n            <\/div>\n        <\/div> \n    <\/div>\n    ","protected":false},"excerpt":{"rendered":"<p>Carlos Zubialde a une longue exp\u00e9rience professionnelle li\u00e9e au transport, qu&rsquo;il transmet \u00e0 travers son site web\u00a0Informaci\u00f3n Log\u00edstica, o\u00f9 il nous offre son point de vue sur le transport, la logistique et le commerce \u00e9lectronique.\u00a0<\/p>\n","protected":false},"author":2,"featured_media":1739,"comment_status":"closed","ping_status":"closed","sticky":false,"template":"","format":"standard","meta":{"footnotes":""},"categories":[13],"tags":[],"class_list":["post-4086","post","type-post","status-publish","format-standard","has-post-thumbnail","hentry","category-corporativo"],"acf":{"post_country":{"simple_value_formated":"<ul><li><a class=\"post-link\" href=\"https:\/\/scrapad.com\/fr\/paises\/espagne\/\" rel=\"bookmark\">Espagne<\/a><\/li><\/ul>","value_formated":{"postIds":[3685],"postType":"paises"},"value":["3685"],"field":{"ID":0,"key":"field_64ef02d93e348","label":"Pa\u00eds","name":"post_country","aria-label":"","prefix":"acf","type":"relationship","value":null,"menu_order":0,"instructions":"","required":0,"id":"","class":"","conditional_logic":0,"parent":"group_64ef02d9ad6ee","wrapper":{"width":"","class":"","id":""},"post_type":["paises"],"post_status":["publish"],"taxonomy":"","filters":["search","post_type","taxonomy"],"return_format":"id","min":"","max":"","elements":"","_name":"post_country","_valid":1}}},"_links":{"self":[{"href":"https:\/\/scrapad.com\/fr\/wp-json\/wp\/v2\/posts\/4086","targetHints":{"allow":["GET"]}}],"collection":[{"href":"https:\/\/scrapad.com\/fr\/wp-json\/wp\/v2\/posts"}],"about":[{"href":"https:\/\/scrapad.com\/fr\/wp-json\/wp\/v2\/types\/post"}],"author":[{"embeddable":true,"href":"https:\/\/scrapad.com\/fr\/wp-json\/wp\/v2\/users\/2"}],"replies":[{"embeddable":true,"href":"https:\/\/scrapad.com\/fr\/wp-json\/wp\/v2\/comments?post=4086"}],"version-history":[{"count":4,"href":"https:\/\/scrapad.com\/fr\/wp-json\/wp\/v2\/posts\/4086\/revisions"}],"predecessor-version":[{"id":9175,"href":"https:\/\/scrapad.com\/fr\/wp-json\/wp\/v2\/posts\/4086\/revisions\/9175"}],"acf:post":[{"embeddable":true,"href":"https:\/\/scrapad.com\/fr\/wp-json\/wp\/v2\/paises\/3685"}],"wp:featuredmedia":[{"embeddable":true,"href":"https:\/\/scrapad.com\/fr\/wp-json\/wp\/v2\/media\/1739"}],"wp:attachment":[{"href":"https:\/\/scrapad.com\/fr\/wp-json\/wp\/v2\/media?parent=4086"}],"wp:term":[{"taxonomy":"category","embeddable":true,"href":"https:\/\/scrapad.com\/fr\/wp-json\/wp\/v2\/categories?post=4086"},{"taxonomy":"post_tag","embeddable":true,"href":"https:\/\/scrapad.com\/fr\/wp-json\/wp\/v2\/tags?post=4086"}],"curies":[{"name":"wp","href":"https:\/\/api.w.org\/{rel}","templated":true}]}}