{"id":4142,"date":"2023-02-21T15:43:02","date_gmt":"2023-02-21T13:43:02","guid":{"rendered":"https:\/\/scrapad.com\/fr\/blog\/"},"modified":"2024-09-02T10:09:06","modified_gmt":"2024-09-02T08:09:06","slug":"taxe-emballages-plastiques-non-reutilisables","status":"publish","type":"post","link":"https:\/\/scrapad.com\/fr\/blog\/taxe-emballages-plastiques-non-reutilisables","title":{"rendered":"Nouveau taxe sur les emballages plastiques non r\u00e9utilisables"},"content":{"rendered":" \n    <div class=\"c-post--header\" style=\"background-image: url(https:\/\/scrapad.com\/wp-content\/uploads\/2023\/09\/impuesto-plasticos-no-reutilizables-1-scaled.jpg);\">\n        <a href=\"\" class=\"c-back-action\">\n            Revenir en arri\u00e8re        <\/a>\n        <h1>Nouveau taxe sur les emballages plastiques non r\u00e9utilisables<\/h1>\n\t\t<p class=\"c-post--author\">\n\t\t\tAuteur:\t\t\t<a href=\"https:\/\/scrapad.com\/fr\/author\/scrapad-admin\/\">ScrapAd<\/a>\n\t\t<\/p>\n        <div class=\"c-post--meta\">\n            <p>21\/02\/2023<\/p>\n            <div class=\"c-post--actions\">\n                <a onclick=\"window.print()\" class=\"c-article__action\">\n                    <i class=\"large material-icons icon\">print<\/i>\n                <\/a>\n                <a data-clipboard-text=\"\" class=\"c-article__action\">\n                    <i class=\"large material-icons icon\">content_copy<\/i>\n                <\/a>\n                <span class=\"c-article__action share__trigger\">\n\t\t\t\t\t<i class=\"large material-icons icon\">share<\/i>\n\t\t\t\t\t<ul class=\"share__displays\">\n\t\t\t\t\t\t<li>\n\t\t\t\t\t\t\t<a href=\"https:\/\/www.facebook.com\/sharer\/sharer.php?u=\" target=\"_blank\" rel=\"noopener\">\n\t\t\t\t\t\t\t\t<img decoding=\"async\" src=\"https:\/\/scrapad.com\/wp-content\/plugins\/scrapad-blocks\/assets\/icons\/share\/facebook.svg\" alt=\"\">\n\t\t\t\t\t\t\t<\/a>\n\t\t\t\t\t\t<\/li>\n\t\t\t\t\t\t<li>\n\t\t\t\t\t\t\t<a href=\"https:\/\/twitter.com\/share?text=&amp;url=\" target=\"_blank\" rel=\"noopener\">\n                                <img decoding=\"async\" src=\"https:\/\/scrapad.com\/wp-content\/plugins\/scrapad-blocks\/assets\/icons\/share\/twitter.svg\" alt=\"\">\n\t\t\t\t\t\t\t<\/a>\n\t\t\t\t\t\t<\/li>\n\t\t\t\t\t\t<li>\n\t\t\t\t\t\t\t<a href=\"https:\/\/www.linkedin.com\/shareArticle?mini=true&amp;url=&amp;title=&amp;summary=&amp;source=\" target=\"_blank\" rel=\"noopener\">\n                                <img decoding=\"async\" src=\"https:\/\/scrapad.com\/wp-content\/plugins\/scrapad-blocks\/assets\/icons\/share\/linkedin.svg\" alt=\"\">\n\t\t\t\t\t\t\t<\/a>\n\t\t\t\t\t\t<\/li>\n\t\t\t\t\t\t<li>\n\t\t\t\t\t\t\t<a\n\t\t\t\t\t\t\t\thref=\"mailto:info@scrapad.com?&amp;cc=&amp;bcc=&amp;subject=&amp;body=\"\n\t\t\t\t\t\t\t\ttarget=\"_blank\"\n\t\t\t\t\t\t\t>\n                                <img decoding=\"async\" src=\"https:\/\/scrapad.com\/wp-content\/plugins\/scrapad-blocks\/assets\/icons\/share\/email.svg\" alt=\"\">\n\t\t\t\t\t\t\t<\/a>\n\t\t\t\t\t\t<\/li>\n\t\t\t\t\t<\/ul>\n\t\t\t    <\/span>\n            <\/div>\n        <\/div>\n    <\/div>\n    \n\n \n    <section class=\"c-container \" style=\" background-color: #FBFBFB; background-size: cover; --xsPadding: 40px 25px 40px 25px; --smPadding: 40px 25px 40px 25px; --mdPadding: 80px 100px 80px 100px; --lgPadding: 80px 100px 80px 100px; --xlPadding: 80px 100px 80px 100px; --xxlPadding: 80px 200px 80px 200px;  \">\n        \n<div class=\"wp-block-scrapad-blocks-container c-post\">\n<div class=\"c-article__desc wp-block-scrapad-blocks-article-desc\">\n<p>La\u00a0loi 7\/2022 sur les d\u00e9chets et les sols contamin\u00e9s pour une \u00e9conomie circulaire, int\u00e8gre dans son titre VII sur les mesures fiscales d&rsquo;incitation \u00e0 l&rsquo;\u00e9conomie circulaire, au chapitre I, une\u00a0<strong>taxe sp\u00e9ciale sur les emballages plastiques non r\u00e9utilisables<\/strong>. Cette taxe est entr\u00e9e en vigueur le 1er janvier 2023, et vise \u00e0 encourager le recyclage des d\u00e9chets plastiques.<\/p>\n\n\n\n<p>Cet instrument \u00e9conomique a \u00e9t\u00e9 introduit comme mesure fiscale d&rsquo;incitation \u00e0 l&rsquo;\u00e9conomie circulaire, aux c\u00f4t\u00e9s de la taxe sur la mise en d\u00e9charge, l&rsquo;incin\u00e9ration et la co-incin\u00e9ration des d\u00e9chets. La taxe en question vise \u00e0&nbsp;<strong>taxer les emballages plastiques non r\u00e9utilisables<\/strong>, pour lesquels nous devrons analyser chacune de ses parties.<\/p>\n\n\n\n<h2 class=\"wp-block-heading\">Ce que l&rsquo;on entend par emballage<\/h2>\n\n\n\n<p><strong>La taxe sur les emballages non r\u00e9utilisables<\/strong>&nbsp;est un imp\u00f4t indirect pr\u00e9lev\u00e9 sur l&rsquo;utilisation sur le territoire espagnol d&#8217;emballages contenant du plastique non r\u00e9utilisable.&nbsp;<strong>Par imp\u00f4t<\/strong>,&nbsp;<strong>on entend<\/strong>&nbsp;les \u00e9l\u00e9ments suivants :<\/p>\n\n\n\n<ul class=\"wp-block-list\">\n<li>Tous les&nbsp;<strong>articles destin\u00e9s \u00e0 contenir, prot\u00e9ger, manipuler, distribuer et pr\u00e9senter des marchandises<\/strong>.<\/li>\n\n\n\n<li>Les&nbsp;<strong>produits semi-finis en plastique destin\u00e9s \u00e0 obtenir les emballages<\/strong>&nbsp;mentionn\u00e9s au point pr\u00e9c\u00e9dent, tels que les feuilles ou plaques thermoplastiques.<\/li>\n\n\n\n<li>Les&nbsp;<strong>produits contenant des mati\u00e8res plastiques destin\u00e9s \u00e0 permettre la fermeture, la commercialisation ou la pr\u00e9sentation d&#8217;emballages non r\u00e9utilisables<\/strong>.<\/li>\n<\/ul>\n\n\n\n<p><strong>Sont exclus<\/strong>&nbsp;de cette d\u00e9finition&nbsp;<strong>les emballages qui font partie int\u00e9grante du produit et qui sont n\u00e9cessaires pour le contenir, le soutenir ou le conserver<\/strong>. Un exemple clair serait le protecteur en plastique des alarmes qui l&rsquo;accompagne tout au long de sa vie.<\/p>\n\n\n\n<p>En outre,&nbsp;<strong>on entend par plastique<\/strong>&nbsp;les&nbsp;<strong>produits compos\u00e9s d&rsquo;un polym\u00e8re<\/strong>&nbsp;auquel des additifs peuvent avoir \u00e9t\u00e9 ajout\u00e9s,&nbsp;<strong>\u00e0 l&rsquo;exception des polym\u00e8res naturels<\/strong>, non g\u00e9n\u00e9tiquement modifi\u00e9s.<\/p>\n\n\n\n<h2 class=\"wp-block-heading\">Qu&rsquo;entend-on par \u00ab\u00a0non r\u00e9utilisable\u00a0\u00bb ?<\/h2>\n\n\n\n<p>Enfin, on entend par non r\u00e9utilisable&nbsp;<strong>tout emballage qui n&rsquo;est pas con\u00e7u pour avoir de multiples circuits et rotations dans son cycle de vie<\/strong>.<\/p>\n\n\n\n<h2 class=\"wp-block-heading\">Sur qui la taxe sera-t-elle pr\u00e9lev\u00e9e ?<\/h2>\n\n\n\n<p>Une fois le champ d&rsquo;application de la taxe visualis\u00e9, il est n\u00e9cessaire de&nbsp;<strong>d\u00e9terminer le fait g\u00e9n\u00e9rateur de la taxe<\/strong>, c&rsquo;est-\u00e0-dire&nbsp;<strong>qui sera tax\u00e9 par cette taxe<\/strong>. Il y a trois groupes qui seront tax\u00e9s :<\/p>\n\n\n\n<h3 class=\"wp-block-heading\">Les fabricants<\/h3>\n\n\n\n<ol class=\"wp-block-list\">\n<li><strong>Accumulation avec la vente du produit<\/strong>&nbsp;sur le territoire espagnol.<\/li>\n\n\n\n<li><strong>Contribuable<\/strong>&nbsp;: le fabricant.<\/li>\n\n\n\n<li><strong>Type de d\u00e9claration<\/strong>&nbsp;: elle est g\u00e9n\u00e9ralement similaire au processus de la TVA, elle est pr\u00e9sent\u00e9e sur une base mensuelle ou trimestrielle.<\/li>\n<\/ol>\n\n\n\n<h3 class=\"wp-block-heading\">Acquisition intracommunautaire<\/h3>\n\n\n\n<ol class=\"wp-block-list\">\n<li><strong>Acquise lorsque le produit entre<\/strong>&nbsp;sur le territoire espagnol.<\/li>\n\n\n\n<li><strong>Contribuable<\/strong>&nbsp;: ceux qui r\u00e9alisent les ATI.<\/li>\n\n\n\n<li><strong>Type de d\u00e9claration<\/strong>&nbsp;: similaire au processus de la TVA.<\/li>\n\n\n\n<li><strong>Exemption<\/strong>&nbsp;: lorsque le produit provient d&rsquo;un pays intracommunautaire et sort d&rsquo;Espagne pour \u00eatre r\u00e9exp\u00e9di\u00e9 vers un pays tiers. Il peut arriver qu&rsquo;au moment o\u00f9 la taxe doit \u00eatre pay\u00e9e, les marchandises soient d\u00e9j\u00e0 parties vers un pays tiers, elles sont donc exempt\u00e9es de l&rsquo;obligation de se conformer.<\/li>\n<\/ol>\n\n\n\n<h3 class=\"wp-block-heading\">Importation<\/h3>\n\n\n\n<ol class=\"wp-block-list\">\n<li><strong>R\u00e9gularisation<\/strong>&nbsp;: avec&nbsp;<a href=\"https:\/\/scrapad.com\/fr\/blog\/document-administratif-unique-tout-ce-que-vous-devez-savoir\/\" target=\"_blank\" rel=\"noreferrer noopener\">le DAU<\/a>.<\/li>\n\n\n\n<li><strong>Contribuable<\/strong>&nbsp;: l&rsquo;importateur d&rsquo;un pays tiers.<\/li>\n\n\n\n<li><strong>Type de d\u00e9claration<\/strong>&nbsp;: pay\u00e9e \u00e0 la douane \u00e0 l&rsquo;entr\u00e9e, une fois que les marchandises ont \u00e9t\u00e9 lib\u00e9r\u00e9es.<\/li>\n\n\n\n<li><strong>Cas d&rsquo;exception<\/strong>&nbsp;:\n<ol class=\"wp-block-list\">\n<li><strong>Entrep\u00f4t douanier<\/strong>&nbsp;: les marchandises proviennent d&rsquo;un pays tiers, arrivent en Espagne et sont laiss\u00e9es dans un entrep\u00f4t pour \u00eatre ensuite exp\u00e9di\u00e9es vers un pays de l&rsquo;UE. Elle n&rsquo;est pas comptabilis\u00e9e.<\/li>\n\n\n\n<li><strong>Achat en provenance d&rsquo;un pays tiers<\/strong>&nbsp;: le bien entre en Espagne et est exp\u00e9di\u00e9, et c&rsquo;est \u00e0 ce moment-l\u00e0 que la taxe est per\u00e7ue. S&rsquo;il est ensuite r\u00e9exp\u00e9di\u00e9 vers un pays de l&rsquo;UE, un remboursement sera demand\u00e9.<\/li>\n<\/ol>\n<\/li>\n<\/ol>\n\n\n\n<p>De la part de ScrapAd, marketplace pour l&rsquo;<a href=\"https:\/\/scrapad.com\/fr\/\" target=\"_blank\" rel=\"noreferrer noopener\">achat et la vente de ferraille et m\u00e9taux<\/a>, nous esp\u00e9rons avoir clarifi\u00e9 toutes les informations dont vous avez besoin pour comprendre\u00a0<strong>la taxe sur les emballages plastiques non r\u00e9utilisables en Espagne<\/strong>.\u00a0Vous pouvez \u00e9galement \u00eatre int\u00e9ress\u00e9 par l&rsquo;article o\u00f9 nous parlons des conditions pour\u00a0<a href=\"https:\/\/scrapad.com\/fr\/blog\/conditions-pour-importer-en-espagne\/\" target=\"_blank\" rel=\"noreferrer noopener\">importer en\u00a0Espagne<\/a>.<\/p>\n<\/div>\n<\/div>\n\t<\/section>\n    \n\n    <div class=\"c-container c-post--related\" style=\"background-color: #F7F5F2; --xsPadding: 40px 25px 40px 25px; --smPadding: 40px 25px 40px 25px; --mdPadding: 40px 25px 40px 25px; --lgPadding: 72px 100px 72px 100px; --xlPadding: 72px 100px 72px 100px; --xxlPadding: 72px 100px 72px 100px;\">\n        <div class=\"container\">\n            <h3 class=\"c-article__side__heading\">Autres postes qui pourraient vous int\u00e9resser\u2026<\/h3>\n        <\/div>\n        <div class=\"scrapad-blocks-related glide\" data-autoplay=\"4000\" data-views-desktop=\"3\" data-views-tablet=\"2\" data-views-mobile=\"1\" data-mode=\"slider\">  \n            <div class=\"container glide__track\" data-glide-el=\"track\">\n                <div class=\"row slider-mobile glide__slides\">\n                                                                         \n                            <div class=\"col-12 col-lg-6 glide__slide\">\n                                    <div class=\"c-blog__item\">\n        <a href=\"https:\/\/scrapad.com\/fr\/blog\/guerre-au-moyen-orient-un-choc-qui-secoue-le-commerce-mondial\/\" class=\"c-blog__item--inner\">\n            <div class=\"c-blog__item__header\">\n                <div\n                    class=\"c-blog__item__image\"\n                    style=\"background-image: url(https:\/\/scrapad.com\/wp-content\/uploads\/2026\/03\/Imagen-Blog-Barco.jpg;\"\n                ><\/div>\n                <\/div>\n                <div class=\"c-blog__item_body\">\n                    <h4 class=\"c-blog__item__title\">Guerre au Moyen-Orient : un choc qui secoue le commerce mondial<\/h4>\n                    <div class=\"c-blog__item__meta\">\n                        <span class=\"c-blog__item__date\">06\/03\/2026<\/span>\n                    <\/div>\n                <div class=\"c-blog__item__desc\">\n                    <p>Le conflit militaire entre les \u00c9tats-Unis, Isra\u00ebl et l\u2019Iran, qui s\u2019est intensifi\u00e9 \u00e0 la fin du mois de f\u00e9vrier 2026 avec des bombardements et des contre-attaques, a provoqu\u00e9 une crise g\u00e9opolitique aux cons\u00e9quences \u00e9conomiques mondiales. L\u2019un des facteurs les plus critiques a \u00e9t\u00e9 le risque de fermeture du d\u00e9troit d\u2019Ormuz, l\u2019une des routes maritimes les plus importantes au monde.<\/p>\n                <\/div>\n                <div class=\"c-blog__item__footer\">\n                    <span class=\"c-blog__item__link\">Voir d\u00e9tails<\/span>\n                <\/div>\n            <\/div>\n        <\/a>\n    <\/div>\n                                <\/div>\n                                                     \n                            <div class=\"col-12 col-lg-6 glide__slide\">\n                                    <div class=\"c-blog__item\">\n        <a href=\"https:\/\/scrapad.com\/fr\/blog\/metal-memoire-economie-circulaire-chez-soi\/\" class=\"c-blog__item--inner\">\n            <div class=\"c-blog__item__header\">\n                <div\n                    class=\"c-blog__item__image\"\n                    style=\"background-image: url(https:\/\/scrapad.com\/wp-content\/uploads\/2025\/11\/istockphoto-1131564904-612x612-2.jpg;\"\n                ><\/div>\n                <\/div>\n                <div class=\"c-blog__item_body\">\n                    <h4 class=\"c-blog__item__title\">Du m\u00e9tal \u00e0 la m\u00e9moire : comment l\u2019\u00e9conomie circulaire commence aussi chez soi<\/h4>\n                    <div class=\"c-blog__item__meta\">\n                        <span class=\"c-blog__item__date\">27\/11\/2025<\/span>\n                    <\/div>\n                <div class=\"c-blog__item__desc\">\n                    <p>L\u2019\u00e9conomie circulaire commence \u00e0 la maison : r\u00e9utilisez, r\u00e9parez et recyclez m\u00e9taux et d\u00e9chets \u00e9lectroniques pour r\u00e9duire les d\u00e9chets<\/p>\n                <\/div>\n                <div class=\"c-blog__item__footer\">\n                    <span class=\"c-blog__item__link\">Voir d\u00e9tails<\/span>\n                <\/div>\n            <\/div>\n        <\/a>\n    <\/div>\n                                <\/div>\n                                                     \n                            <div class=\"col-12 col-lg-6 glide__slide\">\n                                    <div class=\"c-blog__item\">\n        <a href=\"https:\/\/scrapad.com\/fr\/blog\/economie-circulaire-et-recyclage-des-metaux-une-opportunite-de-decarbonation\/\" class=\"c-blog__item--inner\">\n            <div class=\"c-blog__item__header\">\n                <div\n                    class=\"c-blog__item__image\"\n                    style=\"background-image: url(https:\/\/scrapad.com\/wp-content\/uploads\/2025\/10\/descarga-1.jpeg;\"\n                ><\/div>\n                <\/div>\n                <div class=\"c-blog__item_body\">\n                    <h4 class=\"c-blog__item__title\">\u00c9conomie circulaire et recyclage des m\u00e9taux : une opportunit\u00e9 de d\u00e9carbonation<\/h4>\n                    <div class=\"c-blog__item__meta\">\n                        <span class=\"c-blog__item__date\">18\/11\/2025<\/span>\n                    <\/div>\n                <div class=\"c-blog__item__desc\">\n                    <p>D\u00e9couvrez comment l&rsquo;\u00e9conomie circulaire et le recyclage des m\u00e9taux peuvent r\u00e9duire les \u00e9missions de CO\u2082 et renforcer l&rsquo;industrie europ\u00e9enne<\/p>\n                <\/div>\n                <div class=\"c-blog__item__footer\">\n                    <span class=\"c-blog__item__link\">Voir d\u00e9tails<\/span>\n                <\/div>\n            <\/div>\n        <\/a>\n    <\/div>\n                                <\/div>\n                                                     \n                            <div class=\"col-12 col-lg-6 glide__slide\">\n                                    <div class=\"c-blog__item\">\n        <a href=\"https:\/\/scrapad.com\/fr\/blog\/une-fievre-rouge-sempare-du-marche-le-prix-du-cuivre-senvole\/\" class=\"c-blog__item--inner\">\n            <div class=\"c-blog__item__header\">\n                <div\n                    class=\"c-blog__item__image\"\n                    style=\"background-image: url(https:\/\/scrapad.com\/wp-content\/uploads\/2025\/09\/Copper.webp;\"\n                ><\/div>\n                <\/div>\n                <div class=\"c-blog__item_body\">\n                    <h4 class=\"c-blog__item__title\">Une fi\u00e8vre rouge s\u2019empare du march\u00e9 : le prix du cuivre s\u2019envole<\/h4>\n                    <div class=\"c-blog__item__meta\">\n                        <span class=\"c-blog__item__date\">23\/09\/2025<\/span>\n                    <\/div>\n                <div class=\"c-blog__item__desc\">\n                    <p>ScrapAd est mentionn\u00e9 par le journal El Espa\u00f1ol comme un exemple d\u2019innovation dans le secteur du recyclage des m\u00e9taux, soulignant son r\u00f4le central dans la digitalisation du secteur et sa contribution aux Objectifs de D\u00e9veloppement Durable.<\/p>\n                <\/div>\n                <div class=\"c-blog__item__footer\">\n                    <span class=\"c-blog__item__link\">Voir d\u00e9tails<\/span>\n                <\/div>\n            <\/div>\n        <\/a>\n    <\/div>\n                                <\/div>\n                                                            <\/div>\n            <\/div>\n        <\/div> \n    <\/div>\n    ","protected":false},"excerpt":{"rendered":"<p>La\u00a0loi 7\/2022 sur les d\u00e9chets et les sols contamin\u00e9s pour une \u00e9conomie circulaire, int\u00e8gre dans son titre VII sur les mesures fiscales d&rsquo;incitation \u00e0 l&rsquo;\u00e9conomie circulaire, au chapitre I, une\u00a0taxe sp\u00e9ciale sur les emballages plastiques non r\u00e9utilisables.<\/p>\n","protected":false},"author":2,"featured_media":1903,"comment_status":"closed","ping_status":"closed","sticky":false,"template":"","format":"standard","meta":{"footnotes":""},"categories":[42],"tags":[],"class_list":["post-4142","post","type-post","status-publish","format-standard","has-post-thumbnail","hentry","category-legislation"],"acf":{"post_country":{"simple_value_formated":"<ul><li><a class=\"post-link\" href=\"https:\/\/scrapad.com\/fr\/paises\/espagne\/\" rel=\"bookmark\">Espagne<\/a><\/li><\/ul>","value_formated":{"postIds":[3685],"postType":"paises"},"value":["3685"],"field":{"ID":0,"key":"field_64ef02d93e348","label":"Pa\u00eds","name":"post_country","aria-label":"","prefix":"acf","type":"relationship","value":null,"menu_order":0,"instructions":"","required":0,"id":"","class":"","conditional_logic":0,"parent":"group_64ef02d9ad6ee","wrapper":{"width":"","class":"","id":""},"post_type":["paises"],"post_status":["publish"],"taxonomy":"","filters":["search","post_type","taxonomy"],"return_format":"id","min":"","max":"","elements":"","_name":"post_country","_valid":1}}},"_links":{"self":[{"href":"https:\/\/scrapad.com\/fr\/wp-json\/wp\/v2\/posts\/4142","targetHints":{"allow":["GET"]}}],"collection":[{"href":"https:\/\/scrapad.com\/fr\/wp-json\/wp\/v2\/posts"}],"about":[{"href":"https:\/\/scrapad.com\/fr\/wp-json\/wp\/v2\/types\/post"}],"author":[{"embeddable":true,"href":"https:\/\/scrapad.com\/fr\/wp-json\/wp\/v2\/users\/2"}],"replies":[{"embeddable":true,"href":"https:\/\/scrapad.com\/fr\/wp-json\/wp\/v2\/comments?post=4142"}],"version-history":[{"count":5,"href":"https:\/\/scrapad.com\/fr\/wp-json\/wp\/v2\/posts\/4142\/revisions"}],"predecessor-version":[{"id":10514,"href":"https:\/\/scrapad.com\/fr\/wp-json\/wp\/v2\/posts\/4142\/revisions\/10514"}],"acf:post":[{"embeddable":true,"href":"https:\/\/scrapad.com\/fr\/wp-json\/wp\/v2\/paises\/3685"}],"wp:featuredmedia":[{"embeddable":true,"href":"https:\/\/scrapad.com\/fr\/wp-json\/wp\/v2\/media\/1903"}],"wp:attachment":[{"href":"https:\/\/scrapad.com\/fr\/wp-json\/wp\/v2\/media?parent=4142"}],"wp:term":[{"taxonomy":"category","embeddable":true,"href":"https:\/\/scrapad.com\/fr\/wp-json\/wp\/v2\/categories?post=4142"},{"taxonomy":"post_tag","embeddable":true,"href":"https:\/\/scrapad.com\/fr\/wp-json\/wp\/v2\/tags?post=4142"}],"curies":[{"name":"wp","href":"https:\/\/api.w.org\/{rel}","templated":true}]}}