{"id":4162,"date":"2023-03-07T16:15:07","date_gmt":"2023-03-07T14:15:07","guid":{"rendered":"https:\/\/scrapad.com\/fr\/blog\/"},"modified":"2024-07-11T10:04:53","modified_gmt":"2024-07-11T08:04:53","slug":"entretien-sandra-montes-femme-dans-le-secteur-du-recyclage","status":"publish","type":"post","link":"https:\/\/scrapad.com\/fr\/blog\/entretien-sandra-montes-femme-dans-le-secteur-du-recyclage","title":{"rendered":"Entretien avec Sandra Montes sur les femmes dans l&rsquo;industrie du recyclage"},"content":{"rendered":" \n    <div class=\"c-post--header\" style=\"background-image: url(https:\/\/scrapad.com\/wp-content\/uploads\/2023\/09\/imagen-sandra-entrevista.png);\">\n        <a href=\"\" class=\"c-back-action\">\n            Revenir en arri\u00e8re        <\/a>\n        <h1>Entretien avec Sandra Montes sur les femmes dans l&rsquo;industrie du recyclage<\/h1>\n\t\t<p class=\"c-post--author\">\n\t\t\tAuteur:\t\t\t<a href=\"https:\/\/scrapad.com\/fr\/author\/scrapad-admin\/\">ScrapAd<\/a>\n\t\t<\/p>\n        <div class=\"c-post--meta\">\n            <p>07\/03\/2023<\/p>\n            <div class=\"c-post--actions\">\n                <a onclick=\"window.print()\" class=\"c-article__action\">\n                    <i class=\"large material-icons icon\">print<\/i>\n                <\/a>\n                <a data-clipboard-text=\"\" class=\"c-article__action\">\n                    <i class=\"large material-icons icon\">content_copy<\/i>\n                <\/a>\n                <span class=\"c-article__action share__trigger\">\n\t\t\t\t\t<i class=\"large material-icons icon\">share<\/i>\n\t\t\t\t\t<ul class=\"share__displays\">\n\t\t\t\t\t\t<li>\n\t\t\t\t\t\t\t<a href=\"https:\/\/www.facebook.com\/sharer\/sharer.php?u=\" target=\"_blank\" rel=\"noopener\">\n\t\t\t\t\t\t\t\t<img decoding=\"async\" src=\"https:\/\/scrapad.com\/wp-content\/plugins\/scrapad-blocks\/assets\/icons\/share\/facebook.svg\" alt=\"\">\n\t\t\t\t\t\t\t<\/a>\n\t\t\t\t\t\t<\/li>\n\t\t\t\t\t\t<li>\n\t\t\t\t\t\t\t<a href=\"https:\/\/twitter.com\/share?text=&amp;url=\" target=\"_blank\" rel=\"noopener\">\n                                <img decoding=\"async\" src=\"https:\/\/scrapad.com\/wp-content\/plugins\/scrapad-blocks\/assets\/icons\/share\/twitter.svg\" alt=\"\">\n\t\t\t\t\t\t\t<\/a>\n\t\t\t\t\t\t<\/li>\n\t\t\t\t\t\t<li>\n\t\t\t\t\t\t\t<a href=\"https:\/\/www.linkedin.com\/shareArticle?mini=true&amp;url=&amp;title=&amp;summary=&amp;source=\" target=\"_blank\" rel=\"noopener\">\n                                <img decoding=\"async\" src=\"https:\/\/scrapad.com\/wp-content\/plugins\/scrapad-blocks\/assets\/icons\/share\/linkedin.svg\" alt=\"\">\n\t\t\t\t\t\t\t<\/a>\n\t\t\t\t\t\t<\/li>\n\t\t\t\t\t\t<li>\n\t\t\t\t\t\t\t<a\n\t\t\t\t\t\t\t\thref=\"mailto:info@scrapad.com?&amp;cc=&amp;bcc=&amp;subject=&amp;body=\"\n\t\t\t\t\t\t\t\ttarget=\"_blank\"\n\t\t\t\t\t\t\t>\n                                <img decoding=\"async\" src=\"https:\/\/scrapad.com\/wp-content\/plugins\/scrapad-blocks\/assets\/icons\/share\/email.svg\" alt=\"\">\n\t\t\t\t\t\t\t<\/a>\n\t\t\t\t\t\t<\/li>\n\t\t\t\t\t<\/ul>\n\t\t\t    <\/span>\n            <\/div>\n        <\/div>\n    <\/div>\n    \n\n \n    <section class=\"c-container \" style=\" background-color: #FBFBFB; background-size: cover; --xsPadding: 40px 25px 40px 25px; --smPadding: 40px 25px 40px 25px; --mdPadding: 80px 100px 80px 100px; --lgPadding: 80px 100px 80px 100px; --xlPadding: 80px 100px 80px 100px; --xxlPadding: 80px 200px 80px 200px;  \">\n        \n<div class=\"wp-block-scrapad-blocks-container c-post\">\n<div class=\"c-article__desc wp-block-scrapad-blocks-article-desc\">\n<p>\u00c0 l&rsquo;occasion de la Journ\u00e9e de la femme, ScrapAd a r\u00e9alis\u00e9 une s\u00e9rie d&rsquo;entretiens avec des femmes qui travaillent dans le secteur du recyclage en tant que dirigeantes de grandes entreprises. Chez ScrapAd, nous pensons qu&rsquo;il faut \u00eatre acteur du changement et aller vers l&rsquo;\u00e9galit\u00e9 des sexes, qui devient de plus en plus latente, mais qui a encore un long chemin \u00e0 parcourir.<\/p>\n\n\n\n<p>Il est essentiel de souligner le travail remarquable effectu\u00e9 par les femmes dans le secteur du recyclage. Elles sont souvent des&nbsp;<strong>pionni\u00e8res dans la cr\u00e9ation d&rsquo;entreprises innovantes<\/strong>&nbsp;qui recherchent des solutions durables aux probl\u00e8mes environnementaux, ouvrant ainsi la voie \u00e0 un avenir plus durable. Malgr\u00e9 les d\u00e9fis et les obstacles auxquels elles sont confront\u00e9es, elles prouvent qu&rsquo;elles peuvent \u00eatre des agents de changement dans la lutte contre le changement climatique et la protection de l&rsquo;environnement. Il est important de reconna\u00eetre et de valoriser leur travail et leur engagement en faveur d&rsquo;un avenir plus juste et plus durable pour tous.<\/p>\n\n\n\n<p>\u00c0 cette occasion,&nbsp;<strong>nous avons interview\u00e9&nbsp;<a href=\"https:\/\/www.linkedin.com\/in\/sandra-montes-p%C3%A9rez-b3089439\/\" target=\"_blank\" rel=\"noreferrer noopener\">Sandra Montes P\u00e9rez<\/a><\/strong>,&nbsp;<em>Managing Director<\/em>&nbsp;de&nbsp;<a href=\"https:\/\/www.cometel.net\/en\/home\" target=\"_blank\" rel=\"noreferrer noopener\">Cometel<\/a>, une entreprise internationale pr\u00e9sente depuis plus de 35 ans dans le secteur, qui propose des solutions telles que des transporteurs de d\u00e9chets, et qui est \u00e9galement COO et founder de&nbsp;<a href=\"https:\/\/scrapad.com\/fr\/\" target=\"_blank\" rel=\"noreferrer noopener\">ScrapAd<\/a>.<\/p>\n\n\n\n<h3 class=\"wp-block-heading\">Quels ont \u00e9t\u00e9 vos d\u00e9buts en tant que femme entrepreneur dans le secteur du recyclage ?<\/h3>\n\n\n\n<p>Pour moi, la cr\u00e9ation d&rsquo;une entreprise a \u00e9t\u00e9 l&rsquo;exp\u00e9rience la plus excitante et en m\u00eame temps la plus exigeante que j&rsquo;aie jamais v\u00e9cue. Les d\u00e9buts sont tr\u00e8s complexes, tout reste \u00e0 faire, vous vivez dans l&rsquo;incertitude et vous pivotez constamment vers le mod\u00e8le appropri\u00e9 pour trouver la meilleure proposition pour le client. En outre, il s&rsquo;agit de moments cl\u00e9s pour l&rsquo;entreprise et, dans de nombreux cas, les ressources sont limit\u00e9es, de sorte qu&rsquo;il existe une dichotomie entre la volont\u00e9 de se d\u00e9velopper et le fait de ne pas disposer des ressources n\u00e9cessaires pour le faire.<\/p>\n\n\n\n<h3 class=\"wp-block-heading\">Quelle a \u00e9t\u00e9 votre plus grande r\u00e9ussite depuis que vous \u00eates pr\u00e9sent dans le domaine du recyclage avec ScrapAd ?<\/h3>\n\n\n\n<p>Loin de moi l&rsquo;id\u00e9e de faire un compliment &#8211; je ne crois pas aux r\u00e9ussites individuelles &#8211; ScrapAd, au cours de ses trois ann\u00e9es d&rsquo;existence, a r\u00e9ussi \u00e0 atteindre 80 pays et \u00e0 compter pr\u00e8s de 1 500 utilisateurs enregistr\u00e9s gr\u00e2ce au travail acharn\u00e9, \u00e0 l&rsquo;engagement et \u00e0 la passion de l&rsquo;\u00e9quipe qui la compose. Avant m\u00eame d&rsquo;avoir l&rsquo;\u00e9quipe, \u00e0 nos d\u00e9buts, en tant que fondateur, je consid\u00e8re qu&rsquo;il a fallu gagner la confiance de ceux qui nous ont aid\u00e9s et soutenus alors que nous n&rsquo;avions qu&rsquo;une id\u00e9e qui semblait farfelue, pr\u00e9sentant une proposition disruptive dans un secteur traditionnel et jusqu&rsquo;alors peu num\u00e9ris\u00e9.<\/p>\n\n\n\n<h3 class=\"wp-block-heading\">\u00c0 quels d\u00e9fis avez-vous \u00e9t\u00e9 confront\u00e9 lorsque vous avez \u00e9t\u00e9 nomm\u00e9&nbsp;<em>Managing Director<\/em>&nbsp;de Cometel ?<\/h3>\n\n\n\n<p>Chaque entreprise, \u00e0 chaque moment de son histoire, a ses d\u00e9fis \u00e0 relever, tout comme les personnes qui la dirigent et en font partie. Dans mon cas, je suis directeur g\u00e9n\u00e9ral de Cometel depuis un tr\u00e8s jeune \u00e2ge, par rapport \u00e0 la moyenne du secteur. \u00c0 l&rsquo;\u00e9poque, le d\u00e9fi \u00e9tait, \u00e0 28 ans, de g\u00e9rer une entreprise familiale, avec pr\u00e8s de 30 ans d&rsquo;histoire, dans un secteur largement domin\u00e9 par les hommes et avec une moyenne d&rsquo;\u00e2ge dans l&rsquo;\u00e9quipe qui \u00e9tait deux fois la mienne. En soi, cela a \u00e9t\u00e9 une opportunit\u00e9 car, en plus du changement de direction, il y a eu un changement de g\u00e9n\u00e9ration \u00e0 d&rsquo;autres postes cl\u00e9s, ce qui m&rsquo;a aid\u00e9 \u00e0 apporter les changements que je jugeais appropri\u00e9s et \u00e0 choisir les personnes qui pouvaient le mieux promouvoir les lignes qui positionneraient l&rsquo;entreprise pour l&rsquo;avenir.<\/p>\n\n\n\n<h3 class=\"wp-block-heading\">Comment le r\u00f4le des femmes dans le secteur a-t-il \u00e9volu\u00e9 ?<\/h3>\n\n\n\n<p>Bien s\u00fbr, il a \u00e9volu\u00e9, peut-\u00eatre plus lentement que dans d&rsquo;autres secteurs, notamment en raison de la situation de d\u00e9part. Le recyclage au niveau industriel a toujours \u00e9t\u00e9 consid\u00e9r\u00e9 comme un secteur r\u00e9serv\u00e9 aux hommes et ce sont des inerties qui sont heureusement en train d&rsquo;\u00eatre bris\u00e9es.&nbsp;<\/p>\n\n\n\n<h3 class=\"wp-block-heading\">Quels sont les r\u00f4les pr\u00e9dominants des femmes dans l&rsquo;industrie du recyclage aujourd&rsquo;hui ?<\/h3>\n\n\n\n<p>Dans de nombreux cas, les r\u00f4les sont encore tr\u00e8s marqu\u00e9s, les femmes se concentrant sur les fonctions administratives et financi\u00e8res, et les hommes sur le marketing et le d\u00e9veloppement de nouvelles activit\u00e9s. C&rsquo;est le reflet de la soci\u00e9t\u00e9 jusqu&rsquo;\u00e0 r\u00e9cemment et ce n&rsquo;est pas exclusif au secteur. D&rsquo;un autre c\u00f4t\u00e9, il convient \u00e9galement de noter que des femmes occupent des postes \u00e0 responsabilit\u00e9, comme Alicia Franco, directrice g\u00e9n\u00e9rale de la&nbsp;<a href=\"https:\/\/www.recuperacion.org\/\" target=\"_blank\" rel=\"noreferrer noopener\">FER<\/a>&nbsp;(F\u00e9d\u00e9ration espagnole du recyclage), et nous voyons de plus en plus de cas comme le sien.<\/p>\n\n\n\n<h3 class=\"wp-block-heading\">\u00c0 l&rsquo;heure actuelle, pensez-vous qu&rsquo;il y a plus de femmes dans le secteur du recyclage, ou est-il n\u00e9cessaire de d\u00e9velopper des initiatives pour les soutenir dans la cha\u00eene de valeur du recyclage ?<\/h3>\n\n\n\n<p>De mon point de vue, il y a deux lignes d&rsquo;action cl\u00e9s pour soutenir une plus grande pr\u00e9sence des femmes dans le secteur.<\/p>\n\n\n\n<ul class=\"wp-block-list\">\n<li><strong>Les initiatives<\/strong><\/li>\n<\/ul>\n\n\n\n<p>Celles qui existent d\u00e9j\u00e0, telles que WAS \u00ab\u00a0<a href=\"https:\/\/wasaction.com\/\" target=\"_blank\" rel=\"noreferrer noopener\">Women Action Sustainability<\/a>\u00ab\u00a0, qui favorisent le d\u00e9veloppement durable et promeuvent le r\u00f4le des femmes dans le secteur.&nbsp;<\/p>\n\n\n\n<ul class=\"wp-block-list\">\n<li><strong>Rep\u00e8res<\/strong><\/li>\n<\/ul>\n\n\n\n<p>La recherche et la visibilit\u00e9 de femmes qui agissent comme des r\u00e9f\u00e9rences dans le secteur, qui servent de guide \u00e0 toutes les filles, jeunes femmes ou femmes qui travaillent dans d&rsquo;autres domaines sectoriels ou de responsabilit\u00e9 et qui promeuvent leur leadership dans le secteur.<\/p>\n\n\n\n<h3 class=\"wp-block-heading\">Pensez-vous qu&rsquo;il faille davantage de projets dirig\u00e9s par des femmes ?<\/h3>\n\n\n\n<p>Absolument oui, pour de nombreuses raisons. Tout d&rsquo;abord, parce que nous avons des comp\u00e9tences qui, sans les consid\u00e9rer comme meilleures ou pires, sont diff\u00e9rentes et compl\u00e9mentaires de celles des hommes. D&rsquo;une mani\u00e8re g\u00e9n\u00e9rale, nous nous distinguons par notre intelligence \u00e9motionnelle, notre curiosit\u00e9 \u00e0 investiguer de nouveaux sujets, notre plus grande prise en compte du point de vue ESG, notre vision \u00e0 long terme et notre recherche de l&rsquo;excellence.<\/p>\n\n\n\n<p>De plus, nous repr\u00e9sentons 50 % des talents mondiaux pour des raisons \u00e9videntes et, avec le besoin de nouvelles contributions et de forces motrices que nous avons, nous ne pouvons pas nous permettre de perdre ce pourcentage de connaissances et de valeur.<\/p>\n\n\n\n<h3 class=\"wp-block-heading\">Dans une \u00e9conomie de plus en plus mondialis\u00e9e, quelle est, selon vous, l&rsquo;importance du recyclage industriel ?<\/h3>\n\n\n\n<p>Il est essentiel pour de nombreuses raisons :<\/p>\n\n\n\n<ol class=\"wp-block-list\">\n<li>La l\u00e9gislation, de plus en plus contraignante, qui encourage le recyclage et p\u00e9nalise la mise en d\u00e9charge et les mauvaises pratiques en mati\u00e8re de mat\u00e9riaux.&nbsp;<\/li>\n\n\n\n<li>Des facteurs externes qui lui ont donn\u00e9 plus d&rsquo;importance.&nbsp;<\/li>\n\n\n\n<li>La rar\u00e9faction des ressources fossiles, qui sont limit\u00e9es, ch\u00e8res et exigeantes sur le plan environnemental.&nbsp;<\/li>\n\n\n\n<li>Augmentation du co\u00fbt de l&rsquo;\u00e9nergie, p\u00e9nalis\u00e9e par l&rsquo;utilisation de mat\u00e9riaux non recyclables en raison des exigences de consommation.&nbsp;<\/li>\n\n\n\n<li>La rentabilit\u00e9 \u00e9conomique, en prenant conscience de l&rsquo;importance du recyclage et de la rentabilit\u00e9 \u00e9conomique qu&rsquo;il apporte aux entreprises.&nbsp;<\/li>\n\n\n\n<li>La conscience sociale, vivre dans une soci\u00e9t\u00e9 engag\u00e9e dans le recyclage, la durabilit\u00e9 et la protection des ressources.&nbsp;<\/li>\n<\/ol>\n\n\n\n<h3 class=\"wp-block-heading\">Consid\u00e9rez-vous que le r\u00f4le de la num\u00e9risation dans ce secteur est de plus en plus important ?<\/h3>\n\n\n\n<p>La num\u00e9risation est indubitablement pr\u00e9sente dans tous les domaines, et elle est tout aussi importante dans le secteur du recyclage. L&rsquo;adaptation de chaque secteur n\u00e9cessite de prendre en compte des rythmes diff\u00e9rents, en supposant qu&rsquo;ils seront tous num\u00e9ris\u00e9s, et bien s\u00fbr aussi le secteur du recyclage avec des initiatives perturbatrices telles que ScrapAd.<\/p>\n\n\n\n<h3 class=\"wp-block-heading\">Quel conseil donneriez-vous \u00e0 une femme qui s&rsquo;appr\u00eate \u00e0 se lancer dans un projet de recyclage ?<\/h3>\n\n\n\n<p>Faire pivoter sa chance sur un tr\u00e8fle avec ces quatre feuilles :&nbsp;<\/p>\n\n\n\n<ol class=\"wp-block-list\">\n<li><strong>Entreprise<\/strong>&nbsp;: cr\u00e9er ou chercher une entreprise pour laquelle travailler qui soit coh\u00e9rente avec ce qu&rsquo;elle recherche et qui la satisfasse en tant que professionnelle et en tant que personne.&nbsp;<\/li>\n\n\n\n<li><strong>Formation<\/strong>&nbsp;: qu&rsquo;elle re\u00e7oive une formation ad\u00e9quate et continue et qu&rsquo;elle soit pr\u00e9par\u00e9e aux exigences du secteur et aux nouveaux mod\u00e8les en g\u00e9n\u00e9ral.&nbsp;<\/li>\n\n\n\n<li><strong>Famille<\/strong>&nbsp;: qu&rsquo;il obtienne un environnement familial et amical appropri\u00e9 dans lequel il se sente soutenu pour r\u00e9aliser ce qu&rsquo;il a l&rsquo;intention de faire.&nbsp;<\/li>\n\n\n\n<li><strong>Soci\u00e9t\u00e9<\/strong>&nbsp;: qu&rsquo;elle recherche et s&rsquo;appuie sur des r\u00e9f\u00e9rences f\u00e9minines (mais aussi masculines) qui ont emprunt\u00e9 des chemins qu&rsquo;elle n&rsquo;a pas encore d\u00e9couverts. Et qu&rsquo;apr\u00e8s avoir \u00e9cout\u00e9, elle doit faire ce qu&rsquo;elle pense \u00eatre bon pour elle.<\/li>\n<\/ol>\n\n\n\n<p>D\u00e9couvrez l&rsquo;<a href=\"https:\/\/scrapad.com\/fr\/blog\/entretien-claudia-torres-femmes-dans-le-secteur-du-recyclage\/\" target=\"_blank\" rel=\"noreferrer noopener\">interview de Claudia Torres Mu\u00f1iz<\/a>, responsable de la vente d&rsquo;aluminium chez Operadora Gisel, qui nous parle de son exp\u00e9rience en tant que femme dans le secteur du recyclage.<\/p>\n<\/div>\n<\/div>\n\t<\/section>\n    \n\n    <div class=\"c-container c-post--related\" style=\"background-color: #F7F5F2; --xsPadding: 40px 25px 40px 25px; --smPadding: 40px 25px 40px 25px; --mdPadding: 40px 25px 40px 25px; --lgPadding: 72px 100px 72px 100px; --xlPadding: 72px 100px 72px 100px; --xxlPadding: 72px 100px 72px 100px;\">\n        <div class=\"container\">\n            <h3 class=\"c-article__side__heading\">Autres postes qui pourraient vous int\u00e9resser\u2026<\/h3>\n        <\/div>\n        <div class=\"scrapad-blocks-related glide\" data-autoplay=\"4000\" data-views-desktop=\"3\" data-views-tablet=\"2\" data-views-mobile=\"1\" data-mode=\"slider\">  \n            <div class=\"container glide__track\" data-glide-el=\"track\">\n                <div class=\"row slider-mobile glide__slides\">\n                                                                         \n                            <div class=\"col-12 col-lg-6 glide__slide\">\n                                    <div class=\"c-blog__item\">\n        <a href=\"https:\/\/scrapad.com\/fr\/blog\/nouveau-reglement-sur-les-vehicules-en-fin-de-vie\/\" class=\"c-blog__item--inner\">\n            <div class=\"c-blog__item__header\">\n                <div\n                    class=\"c-blog__item__image\"\n                    style=\"background-image: url(https:\/\/scrapad.com\/wp-content\/uploads\/2025\/09\/2410491.jpeg;\"\n                ><\/div>\n                <\/div>\n                <div class=\"c-blog__item_body\">\n                    <h4 class=\"c-blog__item__title\">Nouveau r\u00e8glement sur les v\u00e9hicules en fin de vie<\/h4>\n                    <div class=\"c-blog__item__meta\">\n                        <span class=\"c-blog__item__date\">23\/09\/2025<\/span>\n                    <\/div>\n                <div class=\"c-blog__item__desc\">\n                    <p>L&rsquo;UE propose un r\u00e8glement visant \u00e0 rendre les voitures en fin de vie plus recyclables, avec des m\u00e9taux r\u00e9utilis\u00e9s et une plus grande responsabilit\u00e9 des fabricants.<\/p>\n                <\/div>\n                <div class=\"c-blog__item__footer\">\n                    <span class=\"c-blog__item__link\">Voir d\u00e9tails<\/span>\n                <\/div>\n            <\/div>\n        <\/a>\n    <\/div>\n                                <\/div>\n                                                     \n                            <div class=\"col-12 col-lg-6 glide__slide\">\n                                    <div class=\"c-blog__item\">\n        <a href=\"https:\/\/scrapad.com\/fr\/blog\/innovation-dans-le-recyclage-des-metaux\/\" class=\"c-blog__item--inner\">\n            <div class=\"c-blog__item__header\">\n                <div\n                    class=\"c-blog__item__image\"\n                    style=\"background-image: url(https:\/\/scrapad.com\/wp-content\/uploads\/2025\/03\/02_58J0671_2-0d3c326ba40c12cc.jpeg;\"\n                ><\/div>\n                <\/div>\n                <div class=\"c-blog__item_body\">\n                    <h4 class=\"c-blog__item__title\">Innovation dans le recyclage des m\u00e9taux : Intelligence artificielle, robotique et nouvelles technologies<\/h4>\n                    <div class=\"c-blog__item__meta\">\n                        <span class=\"c-blog__item__date\">18\/03\/2025<\/span>\n                    <\/div>\n                <div class=\"c-blog__item__desc\">\n                    <p>La tecnolog\u00eda est\u00e1 desempe\u00f1ando un papel clave en la modernizaci\u00f3n del reciclaje de metales, impulsando la eficiencia y la sostenibilidad del sector. La inteligencia artificial, la rob\u00f3tica, la blockchain y las soluciones digitales est\u00e1n revolucionando la industria, permitiendo una recuperaci\u00f3n m\u00e1s efectiva de materiales y reduciendo el impacto ambiental. A medida que estas innovaciones contin\u00faan evolucionando, el futuro del reciclaje de metales se perfila como m\u00e1s eficiente, seguro y ecol\u00f3gico.\n<\/p>\n                <\/div>\n                <div class=\"c-blog__item__footer\">\n                    <span class=\"c-blog__item__link\">Voir d\u00e9tails<\/span>\n                <\/div>\n            <\/div>\n        <\/a>\n    <\/div>\n                                <\/div>\n                                                     \n                            <div class=\"col-12 col-lg-6 glide__slide\">\n                                    <div class=\"c-blog__item\">\n        <a href=\"https:\/\/scrapad.com\/fr\/blog\/les-etapes-du-recyclage\/\" class=\"c-blog__item--inner\">\n            <div class=\"c-blog__item__header\">\n                <div\n                    class=\"c-blog__item__image\"\n                    style=\"background-image: url(https:\/\/scrapad.com\/wp-content\/uploads\/2024\/11\/cadena-del-reciclaje.jpg;\"\n                ><\/div>\n                <\/div>\n                <div class=\"c-blog__item_body\">\n                    <h4 class=\"c-blog__item__title\">Les \u00e9tapes du recyclage<\/h4>\n                    <div class=\"c-blog__item__meta\">\n                        <span class=\"c-blog__item__date\">14\/11\/2024<\/span>\n                    <\/div>\n                <div class=\"c-blog__item__desc\">\n                    <p>Les \u00e9tapes du recyclage, bien que confondue avec la r\u00e8gle des 7 R du recyclage, est un processus circulaire qui implique la transformation des d\u00e9chets en mati\u00e8res premi\u00e8res.<\/p>\n                <\/div>\n                <div class=\"c-blog__item__footer\">\n                    <span class=\"c-blog__item__link\">Voir d\u00e9tails<\/span>\n                <\/div>\n            <\/div>\n        <\/a>\n    <\/div>\n                                <\/div>\n                                                     \n                            <div class=\"col-12 col-lg-6 glide__slide\">\n                                    <div class=\"c-blog__item\">\n        <a href=\"https:\/\/scrapad.com\/fr\/blog\/plan-de-gestion-des-dechets\/\" class=\"c-blog__item--inner\">\n            <div class=\"c-blog__item__header\">\n                <div\n                    class=\"c-blog__item__image\"\n                    style=\"background-image: url(https:\/\/scrapad.com\/wp-content\/uploads\/2024\/08\/plan-de-gestion-de-residuos.jpg;\"\n                ><\/div>\n                <\/div>\n                <div class=\"c-blog__item_body\">\n                    <h4 class=\"c-blog__item__title\">Plan de gestion des d\u00e9chets : qu&rsquo;est-ce que c&rsquo;est et comment le faire ?<\/h4>\n                    <div class=\"c-blog__item__meta\">\n                        <span class=\"c-blog__item__date\">06\/08\/2024<\/span>\n                    <\/div>\n                <div class=\"c-blog__item__desc\">\n                    <p>Chaque entreprise g\u00e9n\u00e8re dans le cadre de ses activit\u00e9s certains types de d\u00e9chets qu&rsquo;il est essentiel de savoir g\u00e9rer afin qu&rsquo;ils n&rsquo;aient pas d&rsquo;impact n\u00e9gatif sur notre environnement.<\/p>\n                <\/div>\n                <div class=\"c-blog__item__footer\">\n                    <span class=\"c-blog__item__link\">Voir d\u00e9tails<\/span>\n                <\/div>\n            <\/div>\n        <\/a>\n    <\/div>\n                                <\/div>\n                                                            <\/div>\n            <\/div>\n        <\/div> \n    <\/div>\n    ","protected":false},"excerpt":{"rendered":"<p>\u00c0 l&rsquo;occasion de la Journ\u00e9e de la femme, ScrapAd a r\u00e9alis\u00e9 une s\u00e9rie d&rsquo;entretiens avec des femmes qui travaillent dans le secteur du recyclage en tant que dirigeantes de grandes entreprises.<\/p>\n","protected":false},"author":2,"featured_media":1946,"comment_status":"closed","ping_status":"closed","sticky":false,"template":"","format":"standard","meta":{"footnotes":""},"categories":[41],"tags":[],"class_list":["post-4162","post","type-post","status-publish","format-standard","has-post-thumbnail","hentry","category-recyclage"],"acf":{"post_country":{"simple_value_formated":"<ul><li><a class=\"post-link\" href=\"https:\/\/scrapad.com\/fr\/paises\/espagne\/\" rel=\"bookmark\">Espagne<\/a><\/li><\/ul>","value_formated":{"postIds":[3685],"postType":"paises"},"value":["3685"],"field":{"ID":0,"key":"field_64ef02d93e348","label":"Pa\u00eds","name":"post_country","aria-label":"","prefix":"acf","type":"relationship","value":null,"menu_order":0,"instructions":"","required":0,"id":"","class":"","conditional_logic":0,"parent":"group_64ef02d9ad6ee","wrapper":{"width":"","class":"","id":""},"post_type":["paises"],"post_status":["publish"],"taxonomy":"","filters":["search","post_type","taxonomy"],"return_format":"id","min":"","max":"","elements":"","_name":"post_country","_valid":1}}},"_links":{"self":[{"href":"https:\/\/scrapad.com\/fr\/wp-json\/wp\/v2\/posts\/4162","targetHints":{"allow":["GET"]}}],"collection":[{"href":"https:\/\/scrapad.com\/fr\/wp-json\/wp\/v2\/posts"}],"about":[{"href":"https:\/\/scrapad.com\/fr\/wp-json\/wp\/v2\/types\/post"}],"author":[{"embeddable":true,"href":"https:\/\/scrapad.com\/fr\/wp-json\/wp\/v2\/users\/2"}],"replies":[{"embeddable":true,"href":"https:\/\/scrapad.com\/fr\/wp-json\/wp\/v2\/comments?post=4162"}],"version-history":[{"count":5,"href":"https:\/\/scrapad.com\/fr\/wp-json\/wp\/v2\/posts\/4162\/revisions"}],"predecessor-version":[{"id":22550,"href":"https:\/\/scrapad.com\/fr\/wp-json\/wp\/v2\/posts\/4162\/revisions\/22550"}],"acf:post":[{"embeddable":true,"href":"https:\/\/scrapad.com\/fr\/wp-json\/wp\/v2\/paises\/3685"}],"wp:featuredmedia":[{"embeddable":true,"href":"https:\/\/scrapad.com\/fr\/wp-json\/wp\/v2\/media\/1946"}],"wp:attachment":[{"href":"https:\/\/scrapad.com\/fr\/wp-json\/wp\/v2\/media?parent=4162"}],"wp:term":[{"taxonomy":"category","embeddable":true,"href":"https:\/\/scrapad.com\/fr\/wp-json\/wp\/v2\/categories?post=4162"},{"taxonomy":"post_tag","embeddable":true,"href":"https:\/\/scrapad.com\/fr\/wp-json\/wp\/v2\/tags?post=4162"}],"curies":[{"name":"wp","href":"https:\/\/api.w.org\/{rel}","templated":true}]}}